{"id":15883,"date":"2023-03-14T14:54:36","date_gmt":"2023-03-14T14:54:36","guid":{"rendered":"http:\/\/veolay.com\/a-kueloenbseg-a-weboldal-es-a-weboldal-koezoett\/"},"modified":"2023-03-14T14:54:36","modified_gmt":"2023-03-14T14:54:36","slug":"a-kueloenbseg-a-weboldal-es-a-weboldal-koezoett","status":"publish","type":"post","link":"https:\/\/veolay.com\/hu\/a-kueloenbseg-a-weboldal-es-a-weboldal-koezoett\/","title":{"rendered":"A weboldal \u00e9s a webhely k\u00f6z\u00f6tti k\u00fcl\u00f6nbs\u00e9g"},"content":{"rendered":"<p><!DOCTYPE html PUBLIC \"-\/\/W3C\/\/DTD HTML 4.0 Transitional\/\/EN\" \"http:\/\/www.w3.org\/TR\/REC-html40\/loose.dtd\"><br \/>\n<?xml encoding=\"utf-8\" ?><html><body><\/p>\n<div class=\"elementor-row\">\n<div class=\"elementor-element elementor-element-4de0e3a elementor-column elementor-col-100 elementor-top-column\" data-id=\"4de0e3a\" data-element_type=\"column\">\n<div class=\"elementor-column-wrap  elementor-element-populated\">\n<div class=\"elementor-widget-wrap\">\n<div class=\"elementor-element elementor-element-146e6d3 elementor-widget elementor-widget-image\" data-id=\"146e6d3\" data-element_type=\"widget\" data-widget_type=\"image.default\">\n<div class=\"elementor-widget-container\">\n<div class=\"elementor-image\">                 <img decoding=\"async\" width=\"100\" height=\"100\" src=\"http:\/\/veolay.com\/wp-content\/uploads\/2020\/02\/videoimage1.png\" class=\"attachment-full size-full\" alt=\"\" loading=\"lazy\" srcset=\"http:\/\/veolay.com\/wp-content\/uploads\/2020\/02\/videoimage1.png?_x_tr_sl=en&amp;_x_tr_tl=hu&amp;_x_tr_hl=en-US&amp;_x_tr_pto=wapp 1872w,http:\/\/veolay.com\/wp-content\/uploads\/2020\/02\/videoimage1-300x283.png?_x_tr_sl=en&amp;_x_tr_tl=hu&amp;_x_tr_hl=en-US&amp;_x_tr_pto=wapp 300w,http:\/\/veolay.com\/wp-content\/uploads\/2020\/02\/videoimage1-1024x965.png?_x_tr_sl=en&amp;_x_tr_tl=hu&amp;_x_tr_hl=en-US&amp;_x_tr_pto=wapp 1024w,http:\/\/veolay.com\/wp-content\/uploads\/2020\/02\/videoimage1-768x724.png?_x_tr_sl=en&amp;_x_tr_tl=hu&amp;_x_tr_hl=en-US&amp;_x_tr_pto=wapp 768w,http:\/\/veolay.com\/wp-content\/uploads\/2020\/02\/videoimage1-1536x1447.png?_x_tr_sl=en&amp;_x_tr_tl=hu&amp;_x_tr_hl=en-US&amp;_x_tr_pto=wapp 1536w,http:\/\/veolay.com\/wp-content\/uploads\/2020\/02\/videoimage1-155x146.png?_x_tr_sl=en&amp;_x_tr_tl=hu&amp;_x_tr_hl=en-US&amp;_x_tr_pto=wapp 155w,http:\/\/veolay.com\/wp-content\/uploads\/2020\/02\/videoimage1-50x47.png?_x_tr_sl=en&amp;_x_tr_tl=hu&amp;_x_tr_hl=en-US&amp;_x_tr_pto=wapp 50w,http:\/\/veolay.com\/wp-content\/uploads\/2020\/02\/videoimage1-80x75.png?_x_tr_sl=en&amp;_x_tr_tl=hu&amp;_x_tr_hl=en-US&amp;_x_tr_pto=wapp 80w\" sizes=\"(max-width: 1872px) 100vw, 1872px\"><\/div><\/div><\/div>\n<div class=\"elementor-element elementor-element-f74898b elementor-widget elementor-widget-spacer\" data-id=\"f74898b\" data-element_type=\"widget\" data-widget_type=\"spacer.default\">\n<div class=\"elementor-widget-container\">\n<div class=\"elementor-spacer\">\n<div class=\"elementor-spacer-inner\"><\/div><\/div><\/div><\/div>\n<div class=\"elementor-element elementor-element-3857282d elementor-widget elementor-widget-text-editor\" data-id=\"3857282d\" data-element_type=\"widget\" data-widget_type=\"text-editor.default\">\n<div class=\"elementor-widget-container\">\n<div class=\"elementor-text-editor elementor-clearfix\">\n<p><font style=\"vertical-align: inherit;\"><font style=\"vertical-align: inherit;\">Jeremy &eacute;s Samantha k&eacute;szen &aacute;lltak arra, hogy elind&iacute;ts&aacute;k az indul&oacute; v&aacute;llalkoz&aacute;st. <\/font><font style=\"vertical-align: inherit;\">K&eacute;szen volt egy term&eacute;k&uuml;k, &eacute;s az iroda elhelyezked&eacute;se is v&eacute;glegesen megt&ouml;rt&eacute;nt.<\/font><\/font><\/p>\n<p><font style=\"vertical-align: inherit;\"><font style=\"vertical-align: inherit;\">Ekkor Jeremy bar&aacute;tja megk&eacute;rdezte &#337;ket, hogy m&#369;k&ouml;dik-e a weboldaluk vagy sem. <\/font><font style=\"vertical-align: inherit;\">&Eacute;s itt v&aacute;ltak a dolgok zavaross&aacute; a p&aacute;ros sz&aacute;m&aacute;ra. <\/font><font style=\"vertical-align: inherit;\">Weboldalra vagy weboldalra volt sz&uuml;ks&eacute;g&uuml;k? <\/font><font style=\"vertical-align: inherit;\">&Eacute;s pontosan mi volt a k&uuml;l&ouml;nbs&eacute;g a weboldal &eacute;s a webhely k&ouml;z&ouml;tt?<\/font><\/font><\/p>\n<p><font style=\"vertical-align: inherit;\"><font style=\"vertical-align: inherit;\">Mondanom sem kell, hogy el kellett tolniuk az indul&aacute;si d&aacute;tumot. <\/font><font style=\"vertical-align: inherit;\">&Eacute;s ha az &#337; hely&uuml;kben lenn&eacute;l, akkor a weboldal &eacute;s a webhely k&ouml;z&ouml;tti vita is megbotr&aacute;nkozna. <\/font><font style=\"vertical-align: inherit;\">Ez az egyik olyan k&eacute;rd&eacute;s, amelyet a legt&ouml;bb ember nehezen &eacute;rt meg, nemhogy megv&aacute;laszoln&aacute;.<\/font><\/font><\/p>\n<p><img loading=\"lazy\" decoding=\"async\" class=\"aligncenter wp-image-2590 size-full\" src=\"http:\/\/veolay.com\/wp-content\/uploads\/2020\/06\/settings-265131_640.jpg\" alt=\"\" width=\"640\" height=\"426\" srcset=\"http:\/\/veolay.com\/wp-content\/uploads\/2020\/06\/settings-265131_640.jpg?_x_tr_sl=en&amp;_x_tr_tl=hu&amp;_x_tr_hl=en-US&amp;_x_tr_pto=wapp 640w,http:\/\/veolay.com\/wp-content\/uploads\/2020\/06\/settings-265131_640-300x200.jpg?_x_tr_sl=en&amp;_x_tr_tl=hu&amp;_x_tr_hl=en-US&amp;_x_tr_pto=wapp 300w,http:\/\/veolay.com\/wp-content\/uploads\/2020\/06\/settings-265131_640-219x146.jpg?_x_tr_sl=en&amp;_x_tr_tl=hu&amp;_x_tr_hl=en-US&amp;_x_tr_pto=wapp 219w,http:\/\/veolay.com\/wp-content\/uploads\/2020\/06\/settings-265131_640-50x33.jpg?_x_tr_sl=en&amp;_x_tr_tl=hu&amp;_x_tr_hl=en-US&amp;_x_tr_pto=wapp 50w,http:\/\/veolay.com\/wp-content\/uploads\/2020\/06\/settings-265131_640-113x75.jpg?_x_tr_sl=en&amp;_x_tr_tl=hu&amp;_x_tr_hl=en-US&amp;_x_tr_pto=wapp 113w\" sizes=\"(max-width: 640px) 100vw, 640px\"><\/p>\n<p><font style=\"vertical-align: inherit;\"><font style=\"vertical-align: inherit;\">De ne agg&oacute;dj, ma az&eacute;rt vagyunk itt, hogy minden k&eacute;ts&eacute;gedet eloszlassuk! <\/font><font style=\"vertical-align: inherit;\">A k&ouml;vetkez&#337; l&eacute;p&eacute;sek elv&eacute;gz&eacute;se ut&aacute;n semmi gondja nem lesz k&uuml;l&ouml;nbs&eacute;get tenni a weboldal &eacute;s a webhely k&ouml;z&ouml;tt. <\/font><font style=\"vertical-align: inherit;\">S&#337;t, a webalkalmaz&aacute;sok ter&eacute;n is j&aacute;rtas lesz.<\/font><\/font><\/p>\n<p><font style=\"vertical-align: inherit;\"><font style=\"vertical-align: inherit;\">Teh&aacute;t ne k&eacute;slekedj&uuml;nk tov&aacute;bb, &eacute;s mer&uuml;lj&uuml;nk bele.<\/font><\/font><\/p>\n<h4><span class=\"ez-toc-section\" id=\"What_A_Web_Page_Is\"><\/span><font style=\"vertical-align: inherit;\"><font style=\"vertical-align: inherit;\">Mi az a weblap<\/font><\/font><span class=\"ez-toc-section-end\"><\/span><\/h4>\n<p><font style=\"vertical-align: inherit;\"><font style=\"vertical-align: inherit;\">A weboldal vs. weboldal vita k&eacute;ts&eacute;gtelen&uuml;l r&eacute;gi, de nem gyorsan megoldhat&oacute;. <\/font><font style=\"vertical-align: inherit;\">Val&oacute;j&aacute;ban a kett&#337; k&ouml;z&ouml;tti els&#337;dleges k&uuml;l&ouml;nbs&eacute;g a defin&iacute;ci&oacute;kban rejlik.<\/font><\/font><\/p>\n<p><font style=\"vertical-align: inherit;\"><font style=\"vertical-align: inherit;\">A weboldal egy digit&aacute;lis dokumentum, amely a vil&aacute;gh&aacute;l&oacute;n tal&aacute;lhat&oacute;. <\/font><font style=\"vertical-align: inherit;\">A weblapok az internet alapvet&#337; &eacute;p&iacute;t&#337;k&ouml;vei, amely nem m&aacute;s, mint egym&aacute;shoz kapcsol&oacute;d&oacute; weboldalak gy&#369;jtem&eacute;nye. <\/font><font style=\"vertical-align: inherit;\">Ezek a weboldalak hiperhivatkoz&aacute;sokkal kapcsol&oacute;dnak egym&aacute;shoz, azaz olyan sz&ouml;veggel, amely interakt&iacute;van reag&aacute;lhat a felhaszn&aacute;l&oacute;i m&#369;veletekre, p&eacute;ld&aacute;ul egy eg&eacute;rkattint&aacute;sra.<\/font><\/font><\/p>\n<p><font style=\"vertical-align: inherit;\"><font style=\"vertical-align: inherit;\">Weboldalak l&eacute;trehozhat&oacute;k a HyperText Markup Language (HTML) haszn&aacute;lat&aacute;val, valamint sz&aacute;mos kapcsol&oacute;d&oacute; technol&oacute;gia, p&eacute;ld&aacute;ul CSS &eacute;s Javascript haszn&aacute;lat&aacute;val. <\/font><font style=\"vertical-align: inherit;\">M&iacute;g a CSS be&aacute;ll&iacute;tja a weboldal megjelen&eacute;s&eacute;t, a Javascript egy kis dinamik&aacute;t ad az oldalnak (err&#337;l k&eacute;s&#337;bb). <\/font><font style=\"vertical-align: inherit;\">&Aacute;ltal&aacute;ban minden weboldal egy webszerveren tal&aacute;lhat&oacute;, &eacute;s webb&ouml;ng&eacute;sz&#337; szoftverrel &eacute;rhet&#337; el.<\/font><\/font><\/p>\n<p><font style=\"vertical-align: inherit;\"><font style=\"vertical-align: inherit;\">&Aacute;ltal&aacute;ban minden weboldal egyetlen t&eacute;m&aacute;ra &ouml;sszpontos&iacute;t, &eacute;s tartalmazhat sz&ouml;veget, k&eacute;peket, valamint hang- &eacute;s videoklippeket be&aacute;gyazva. <\/font><font style=\"vertical-align: inherit;\">Ez az a b&ouml;ng&eacute;sz&#337;program, amely felel&#337;s az&eacute;rt, hogy a weboldalt elolvassa &eacute;s megjelen&iacute;tse a sz&aacute;m&iacute;t&oacute;g&eacute;p k&eacute;perny&#337;j&eacute;n, &eacute;s sz&aacute;munkra, emberek sz&aacute;m&aacute;ra &eacute;rthet&#337; form&aacute;t adjon.<\/font><\/font><\/p>\n<p><img decoding=\"async\" loading=\"lazy\" class=\"aligncenter wp-image-2591 size-large\" src=\"http:\/\/veolay.com\/wp-content\/uploads\/2020\/06\/code-1689066_1920-1024x683.jpg\" alt=\"\" width=\"1024\" height=\"683\" srcset=\"http:\/\/veolay.com\/wp-content\/uploads\/2020\/06\/code-1689066_1920-1024x683.jpg?_x_tr_sl=en&amp;_x_tr_tl=hu&amp;_x_tr_hl=en-US&amp;_x_tr_pto=wapp 1024w,http:\/\/veolay.com\/wp-content\/uploads\/2020\/06\/code-1689066_1920-300x200.jpg?_x_tr_sl=en&amp;_x_tr_tl=hu&amp;_x_tr_hl=en-US&amp;_x_tr_pto=wapp 300w,http:\/\/veolay.com\/wp-content\/uploads\/2020\/06\/code-1689066_1920-768x512.jpg?_x_tr_sl=en&amp;_x_tr_tl=hu&amp;_x_tr_hl=en-US&amp;_x_tr_pto=wapp 768w,http:\/\/veolay.com\/wp-content\/uploads\/2020\/06\/code-1689066_1920-1536x1024.jpg?_x_tr_sl=en&amp;_x_tr_tl=hu&amp;_x_tr_hl=en-US&amp;_x_tr_pto=wapp 1536w,http:\/\/veolay.com\/wp-content\/uploads\/2020\/06\/code-1689066_1920-219x146.jpg?_x_tr_sl=en&amp;_x_tr_tl=hu&amp;_x_tr_hl=en-US&amp;_x_tr_pto=wapp 219w,http:\/\/veolay.com\/wp-content\/uploads\/2020\/06\/code-1689066_1920-50x33.jpg?_x_tr_sl=en&amp;_x_tr_tl=hu&amp;_x_tr_hl=en-US&amp;_x_tr_pto=wapp 50w,http:\/\/veolay.com\/wp-content\/uploads\/2020\/06\/code-1689066_1920-113x75.jpg?_x_tr_sl=en&amp;_x_tr_tl=hu&amp;_x_tr_hl=en-US&amp;_x_tr_pto=wapp 113w,http:\/\/veolay.com\/wp-content\/uploads\/2020\/06\/code-1689066_1920.jpg?_x_tr_sl=en&amp;_x_tr_tl=hu&amp;_x_tr_hl=en-US&amp;_x_tr_pto=wapp 1920w\" sizes=\"(max-width: 1024px) 100vw, 1024px\"><\/p>\n<p><font style=\"vertical-align: inherit;\"><font style=\"vertical-align: inherit;\">De ha mindez lehets&eacute;ges egy weboldalon, akkor mi sz&uuml;ks&eacute;g van egy weboldalra? <\/font><font style=\"vertical-align: inherit;\">Pontosan ez az, amit a tov&aacute;bbiakban megvizsg&aacute;lunk.<\/font><\/font><\/p>\n<h4><span class=\"ez-toc-section\" id=\"What_Is_A_Website\"><\/span><font style=\"vertical-align: inherit;\"><font style=\"vertical-align: inherit;\">Mi az a Weboldal<\/font><\/font><span class=\"ez-toc-section-end\"><\/span><\/h4>\n<p><font style=\"vertical-align: inherit;\"><font style=\"vertical-align: inherit;\">Ha egy weboldal a legkisebb egyedi egys&eacute;g, amely feltehet&#337; az internetre, akkor a webhelyek nem m&aacute;s, mint &ouml;sszekapcsolt weboldalak gy&#369;jtem&eacute;nye, amelyekre egyetlen n&eacute;vvel lehet hivatkozni. <\/font><font style=\"vertical-align: inherit;\">Ez a n&eacute;v, amelyet domain n&eacute;vnek neveznek, az &Ouml;n &aacute;ltal felkeresett webhely online c&iacute;me, p&eacute;ld&aacute;ul a www.example.com.<\/font><\/font><\/p>\n<p><font style=\"vertical-align: inherit;\"><font style=\"vertical-align: inherit;\">Meg kell &eacute;rten&uuml;nk, hogy a weboldalak l&eacute;trehoz&aacute;s&aacute;hoz haszn&aacute;lt technol&oacute;gi&aacute;k k&ouml;z&uuml;l sokat alkalmaznak webhelyek l&eacute;trehoz&aacute;s&aacute;ra is. <\/font><font style=\"vertical-align: inherit;\">De a helyzet az, hogy egyetlen, de ak&aacute;r t&ouml;bb oldalt is b&aacute;rki k&ouml;nnyed&eacute;n elk&eacute;sz&iacute;thet, de egy weboldal elk&eacute;sz&iacute;t&eacute;se eg&eacute;szen m&aacute;s kih&iacute;v&aacute;s.<\/font><\/font><\/p>\n<p><font style=\"vertical-align: inherit;\"><font style=\"vertical-align: inherit;\">A weboldal l&eacute;trehoz&aacute;s&aacute;hoz olyan &ouml;sszehangolt er&#337;fesz&iacute;t&eacute;sre van sz&uuml;ks&eacute;g, amely figyelembe tudja venni a web &ouml;sszetett architekt&uacute;r&aacute;j&aacute;t. <\/font><font style=\"vertical-align: inherit;\">Teh&aacute;t, ha sz&uuml;ks&eacute;ge van egy webhelyre, h&iacute;vjon professzion&aacute;lis webfejleszt&#337;ket, hogy elv&eacute;gezz&eacute;k a feladatot. <\/font><font style=\"vertical-align: inherit;\">De akkor felmer&uuml;l a k&eacute;rd&eacute;s, hogyan lehet meg&eacute;rteni, hogy mikor van sz&uuml;ks&eacute;g egy weboldalra, &eacute;s mikor lesz el&eacute;g egy weboldal? <\/font><font style=\"vertical-align: inherit;\">Legk&ouml;zelebb ezt fogjuk megvizsg&aacute;lni.<\/font><\/font><\/p>\n<h4><span class=\"ez-toc-section\" id=\"When_To_Use_Which\"><\/span><font style=\"vertical-align: inherit;\"><font style=\"vertical-align: inherit;\">Mikor melyiket kell haszn&aacute;lni<\/font><\/font><span class=\"ez-toc-section-end\"><\/span><\/h4>\n<p><font style=\"vertical-align: inherit;\"><font style=\"vertical-align: inherit;\">Hagyom&aacute;nyosan minden weboldal csak egy t&eacute;m&aacute;ban tartalmaz inform&aacute;ci&oacute;kat. <\/font><font style=\"vertical-align: inherit;\">T&uacute;l sok inform&aacute;ci&oacute; zs&uacute;fol&aacute;sa ugyanarra az oldalra ronthatja annak haszn&aacute;lhat&oacute;s&aacute;g&aacute;t, &eacute;s hat&aacute;stalann&aacute; teheti.<\/font><\/font><\/p>\n<p><font style=\"vertical-align: inherit;\"><font style=\"vertical-align: inherit;\">Ez&eacute;rt van sz&uuml;ks&eacute;g olyan weboldalakra, amelyek sz&eacute;tosztj&aacute;k a bemutatand&oacute; inform&aacute;ci&oacute;kat, &eacute;s weboldalak gy&#369;jtem&eacute;nyek&eacute;nt tartj&aacute;k &ouml;ssze. <\/font><font style=\"vertical-align: inherit;\">A webhelyek egyedi weboldalak nagy csoportjai, amelyeket egy k&ouml;z&ouml;s sz&aacute;l, azaz a domain n&eacute;v seg&iacute;ts&eacute;g&eacute;vel k&ouml;tnek &ouml;ssze. <\/font><font style=\"vertical-align: inherit;\">Ez koherensebb&eacute; &eacute;s struktur&aacute;ltabb&aacute; teszi az inform&aacute;ci&oacute;k megjelen&iacute;t&eacute;s&eacute;t.<\/font><\/font><\/p>\n<p><font style=\"vertical-align: inherit;\"><font style=\"vertical-align: inherit;\">A dolgok perspekt&iacute;v&aacute;j&aacute;ba helyez&eacute;s&eacute;hez vegye figyelembe az Amazon p&eacute;ld&aacute;j&aacute;t. <\/font><font style=\"vertical-align: inherit;\">Mostant&oacute;l a term&eacute;kek sz&eacute;les v&aacute;laszt&eacute;k&aacute;val az Amazon webhely k&uuml;l&ouml;n term&eacute;koldalakra van felosztva minden egyes term&eacute;khez. <\/font><font style=\"vertical-align: inherit;\">De mi van akkor, ha a v&aacute;llalat egy napon &uacute;gy d&ouml;nt, hogy minden k&iacute;n&aacute;lat&aacute;t egyetlen weboldalba t&ouml;m&ouml;r&iacute;ti?<\/font><\/font><\/p>\n<p><font style=\"vertical-align: inherit;\"><font style=\"vertical-align: inherit;\">Igazad van! <\/font><font style=\"vertical-align: inherit;\">Egyszer&#369;en nem lenne lehets&eacute;ges. <\/font><font style=\"vertical-align: inherit;\">&Eacute;s ebben rejlik a v&aacute;lasz arra a k&eacute;rd&eacute;sre, hogy mikor haszn&aacute;ljunk webhelyet &eacute;s mikor egy weboldalt. <\/font><font style=\"vertical-align: inherit;\">Ha a k&eacute;pviselni k&iacute;v&aacute;nt inform&aacute;ci&oacute; mennyis&eacute;ge kicsi, p&eacute;ld&aacute;ul a profilja, akkor egyetlen weboldal is elegend&#337;. <\/font><font style=\"vertical-align: inherit;\">Ha azonban jelent&#337;s mennyis&eacute;g&#369; inform&aacute;ci&oacute;ra van sz&uuml;ks&eacute;g, akkor egy teljes webhely lenne a legjobb m&oacute;dja ennek.<\/font><\/font><\/p>\n<p><font style=\"vertical-align: inherit;\"><font style=\"vertical-align: inherit;\">Most azt gondolhatja, hogy a weboldal &eacute;s a webhely k&ouml;z&ouml;tti k&uuml;l&ouml;nbs&eacute;g rendez&#337;d&ouml;tt&hellip; de v&aacute;rjon, hallott m&aacute;r a webalkalmaz&aacute;s &eacute;s a webhely k&ouml;z&ouml;tti vit&aacute;r&oacute;l? <\/font><font style=\"vertical-align: inherit;\">Mi a k&uuml;l&ouml;nbs&eacute;g a kett&#337; k&ouml;z&ouml;tt?<\/font><\/font><\/p>\n<p><font style=\"vertical-align: inherit;\"><font style=\"vertical-align: inherit;\">Ne agg&oacute;djon, pontosan ezzel fogunk foglalkozni legk&ouml;zelebb.<\/font><\/font><\/p>\n<h4><span class=\"ez-toc-section\" id=\"Web_Application_Vs_Website\"><\/span><font style=\"vertical-align: inherit;\"><font style=\"vertical-align: inherit;\">Webes alkalmaz&aacute;s vs. <\/font><font style=\"vertical-align: inherit;\">Weboldal<\/font><\/font><span class=\"ez-toc-section-end\"><\/span><\/h4>\n<p><font style=\"vertical-align: inherit;\"><font style=\"vertical-align: inherit;\">M&aacute;r tudjuk, mi a k&uuml;l&ouml;nbs&eacute;g a weboldal &eacute;s a webhely k&ouml;z&ouml;tt. <\/font><font style=\"vertical-align: inherit;\">De tudtad, hogy maguk a webhelyek k&eacute;tf&eacute;leek lehetnek? <\/font><font style=\"vertical-align: inherit;\">&Aacute;ltal&aacute;ban egy webhelyet statikus vagy dinamikus webhelyk&eacute;nt lehet besorolni.<\/font><\/font><\/p>\n<p><img decoding=\"async\" loading=\"lazy\" class=\"aligncenter wp-image-2589 size-full\" src=\"http:\/\/veolay.com\/wp-content\/uploads\/2020\/06\/cyber-security-2776600_640.jpg\" alt=\"\" width=\"640\" height=\"360\" srcset=\"http:\/\/veolay.com\/wp-content\/uploads\/2020\/06\/cyber-security-2776600_640.jpg?_x_tr_sl=en&amp;_x_tr_tl=hu&amp;_x_tr_hl=en-US&amp;_x_tr_pto=wapp 640w,http:\/\/veolay.com\/wp-content\/uploads\/2020\/06\/cyber-security-2776600_640-300x169.jpg?_x_tr_sl=en&amp;_x_tr_tl=hu&amp;_x_tr_hl=en-US&amp;_x_tr_pto=wapp 300w,http:\/\/veolay.com\/wp-content\/uploads\/2020\/06\/cyber-security-2776600_640-260x146.jpg?_x_tr_sl=en&amp;_x_tr_tl=hu&amp;_x_tr_hl=en-US&amp;_x_tr_pto=wapp 260w,http:\/\/veolay.com\/wp-content\/uploads\/2020\/06\/cyber-security-2776600_640-50x28.jpg?_x_tr_sl=en&amp;_x_tr_tl=hu&amp;_x_tr_hl=en-US&amp;_x_tr_pto=wapp 50w,http:\/\/veolay.com\/wp-content\/uploads\/2020\/06\/cyber-security-2776600_640-133x75.jpg?_x_tr_sl=en&amp;_x_tr_tl=hu&amp;_x_tr_hl=en-US&amp;_x_tr_pto=wapp 133w\" sizes=\"(max-width: 640px) 100vw, 640px\"><\/p>\n<p><font style=\"vertical-align: inherit;\"><font style=\"vertical-align: inherit;\">A statikus webhely olyan webhely, amely olyan technol&oacute;gi&aacute;kkal k&eacute;sz&uuml;lt, mint a HTML, a CSS &eacute;s a JavaScript. <\/font><font style=\"vertical-align: inherit;\">Ezeken a webhelyeken a tartalom statikus, ami azt jelenti, hogy a tartalom nem v&aacute;ltozik az id&#337; m&uacute;l&aacute;s&aacute;val. <\/font><font style=\"vertical-align: inherit;\">A statikus webhelyek eset&eacute;ben a HTML-f&aacute;jlok k&ouml;zvetlen&uuml;l a szerverre t&ouml;lt&#337;dnek fel, ahol a felhaszn&aacute;l&oacute;k webb&ouml;ng&eacute;sz&#337;n kereszt&uuml;l k&ouml;zvetlen&uuml;l hozz&aacute;f&eacute;rhetnek hozz&aacute;juk.<\/font><\/font><\/p>\n<p><font style=\"vertical-align: inherit;\"><font style=\"vertical-align: inherit;\">Ezzel szemben egy dinamikus webhely id&#337;vel megv&aacute;ltoztatja a kimenet&eacute;t, &aacute;ltal&aacute;ban a felhaszn&aacute;l&oacute;i interakci&oacute; alapj&aacute;n. <\/font><font style=\"vertical-align: inherit;\">A dinamikus webhelyek olyan szkripttechnol&oacute;gi&aacute;k haszn&aacute;lat&aacute;val k&eacute;sz&uuml;lnek, mint a PHP, ASP &eacute;s JSP (hogy csak n&eacute;h&aacute;nyat eml&iacute;ts&uuml;nk). <\/font><font style=\"vertical-align: inherit;\">Itt a weboldalakat nem statikusan t&aacute;rolj&aacute;k, hanem a szoftver gener&aacute;lja a felhaszn&aacute;l&oacute; ig&eacute;nyei alapj&aacute;n.<\/font><\/font><\/p>\n<p><font style=\"vertical-align: inherit;\"><font style=\"vertical-align: inherit;\">A webes alkalmaz&aacute;sok pedig a legjobb p&eacute;ld&aacute;k a dinamikus webhelyekre. <\/font><font style=\"vertical-align: inherit;\">Ellent&eacute;tben a webhelyekkel, amelyek bizonyos inform&aacute;ci&oacute;k megjelen&iacute;t&eacute;s&eacute;re szolg&aacute;lnak, a webalkalmaz&aacute;sok alapvet&#337;en olyan szoftverek, amelyeket k&ouml;nnyen el&eacute;rhet a b&ouml;ng&eacute;sz&#337;n kereszt&uuml;l. <\/font><font style=\"vertical-align: inherit;\">A webalkalmaz&aacute;s haszn&aacute;lat&aacute;nak legjelent&#337;sebb el&#337;nye, hogy nem kell semmit k&ouml;zvetlen&uuml;l semmilyen eszk&ouml;zre telep&iacute;teni.<\/font><\/font><\/p>\n<p><font style=\"vertical-align: inherit;\"><font style=\"vertical-align: inherit;\">A webalkalmaz&aacute;s &ouml;sszes funkci&oacute;ja &eacute;s seg&eacute;dprogramja b&aacute;rmely webb&ouml;ng&eacute;sz&#337;n kereszt&uuml;l k&ouml;zvetlen&uuml;l el&eacute;rhet&#337; a felhaszn&aacute;l&oacute; sz&aacute;m&aacute;ra. <\/font><font style=\"vertical-align: inherit;\">Ez k&eacute;nyelmess&eacute; teszi a haszn&aacute;lat&aacute;t &eacute;s nagyobb rugalmass&aacute;got biztos&iacute;t a felhaszn&aacute;l&oacute; sz&aacute;m&aacute;ra. <\/font><font style=\"vertical-align: inherit;\">Ezen t&uacute;lmen&#337;en a webes alkalmaz&aacute;sok eszk&ouml;zf&uuml;ggetlenek, azaz b&aacute;rmelyik eszk&ouml;zr&#337;l b&aacute;rmelyik webb&ouml;ng&eacute;sz&#337;b&#337;l el&eacute;rheti &#337;ket. <\/font><font style=\"vertical-align: inherit;\">A webes alkalmaz&aacute;sok kiv&aacute;l&oacute; p&eacute;ld&aacute;ja a Google Docs.<\/font><\/font><\/p>\n<p><font style=\"vertical-align: inherit;\"><font style=\"vertical-align: inherit;\">Az elmos&oacute;d&oacute; vonalak<\/font><\/font><\/p>\n<p><font style=\"vertical-align: inherit;\"><font style=\"vertical-align: inherit;\">B&aacute;r biztosak vagyunk benne, hogy a fenti szakasz eloltotta a webalkalmaz&aacute;s &eacute;s a webhely k&ouml;z&ouml;tti vit&aacute;t, az ut&oacute;bbi id&#337;ben a kett&#337; k&ouml;z&ouml;tti hat&aacute;rvonalak egyre ink&aacute;bb elmos&oacute;dnak. <\/font><font style=\"vertical-align: inherit;\">Az olyan blogplatformok, mint a WordPress &eacute;s az e-kereskedelmi &oacute;ri&aacute;sok, mint az Amazon, egyre ink&aacute;bb kombin&aacute;lj&aacute;k mindkett&#337; k&eacute;pess&eacute;geit, hogy olyan szolg&aacute;ltat&aacute;sokat hozzanak l&eacute;tre, amelyek jobban kiszolg&aacute;lj&aacute;k a fogyaszt&oacute;k ig&eacute;nyeit.<\/font><\/font><\/p>\n<p><font style=\"vertical-align: inherit;\"><font style=\"vertical-align: inherit;\">Sz&uuml;ks&eacute;gem van webalkalmaz&aacute;sra?<\/font><\/font><\/p>\n<p><font style=\"vertical-align: inherit;\"><font style=\"vertical-align: inherit;\">Nos, ez t&ouml;bb dologt&oacute;l f&uuml;gg. <\/font><font style=\"vertical-align: inherit;\">Ha &Ouml;n egy &ouml;n&eacute;letrajzi webhelyet szeretne l&eacute;trehozni, akkor nincs sz&uuml;ks&eacute;ge egy teljes k&ouml;r&#369; webalkalmaz&aacute;sra. <\/font><font style=\"vertical-align: inherit;\">Az offline v&aacute;llalkoz&aacute;sok sz&aacute;m&aacute;ra kezdetben egy webhely lehet a megfelel&#337; &uacute;t. <\/font><font style=\"vertical-align: inherit;\">De mindenk&eacute;ppen konzult&aacute;ljon a fejleszt&#337;vel, hogy a j&ouml;v&#337;ben webalkalmaz&aacute;sra sk&aacute;l&aacute;zhat&oacute; legyen.<\/font><\/font><\/p>\n<p><font style=\"vertical-align: inherit;\"><font style=\"vertical-align: inherit;\">Az olyan online v&aacute;llalkoz&aacute;sokn&aacute;l, mint p&eacute;ld&aacute;ul az e-kereskedelmi &uuml;zletek, kezdett&#337;l fogva webes alkalmaz&aacute;sra lenne sz&uuml;ks&eacute;g. <\/font><font style=\"vertical-align: inherit;\">A webalkalmaz&aacute;sok manaps&aacute;g k&eacute;pesek egyes&iacute;teni a webhelyek &eacute;s a webalkalmaz&aacute;sok funkci&oacute;it, &iacute;gy termel&eacute;kenyebb felhaszn&aacute;l&oacute;i &eacute;lm&eacute;nyt hozhatnak l&eacute;tre, amely biztos&iacute;tja a fogyaszt&oacute;k el&eacute;gedetts&eacute;g&eacute;t.<\/font><\/font><\/p>\n<p><font style=\"vertical-align: inherit;\"><font style=\"vertical-align: inherit;\">Meg tudom csin&aacute;lni egyed&uuml;l?<\/font><\/font><\/p>\n<p><font style=\"vertical-align: inherit;\"><font style=\"vertical-align: inherit;\">Ez term&eacute;szetesen az &Ouml;n m&#369;szaki szak&eacute;rtelm&eacute;t&#337;l f&uuml;gg. <\/font><font style=\"vertical-align: inherit;\">A weboldalak egyszer&#369; dolgok, &eacute;s b&aacute;rki gyorsan elk&eacute;sz&iacute;theti a HTML &eacute;s a kapcsol&oacute;d&oacute; technol&oacute;gi&aacute;k gyakorl&aacute;sa ut&aacute;n.<\/font><\/font><\/p>\n<p><font style=\"vertical-align: inherit;\"><font style=\"vertical-align: inherit;\">A webhelyek, b&aacute;r bonyolultabbak, m&eacute;g mindig kezelhet&#337;k, ha tapasztalt programoz&oacute; vagy, &eacute;s n&eacute;mi tapasztalattal rendelkezik. <\/font><font style=\"vertical-align: inherit;\">A webes alkalmaz&aacute;sok m&eacute;g bonyolultabbak, &eacute;s sz&aacute;mos webfejleszt&eacute;si technol&oacute;gia ismeret&eacute;t ig&eacute;nylik.<\/font><\/font><\/p>\n<p><font style=\"vertical-align: inherit;\"><font style=\"vertical-align: inherit;\">Ezenk&iacute;v&uuml;l a webes alkalmaz&aacute;sok &eacute;s a nagyobb webhelyek &aacute;ltal&aacute;ban csapatmunk&aacute;t ig&eacute;nyelnek a front-end tervez&eacute;s &eacute;s a h&aacute;tt&eacute;rk&oacute;dol&aacute;s kezel&eacute;s&eacute;hez. <\/font><font style=\"vertical-align: inherit;\">Ez sz&uuml;ks&eacute;gess&eacute; teszi szakemberek felv&eacute;tel&eacute;t, hogy a munk&aacute;t megfelel&#337;en &eacute;s optim&aacute;lis id&#337;n bel&uuml;l v&eacute;gezz&eacute;k el.<\/font><\/font><\/p>\n<p><font style=\"vertical-align: inherit;\"><font style=\"vertical-align: inherit;\">K&ouml;vetkeztet&eacute;s<\/font><\/font><\/p>\n<p><font style=\"vertical-align: inherit;\"><font style=\"vertical-align: inherit;\">Rem&eacute;lj&uuml;k, hogy siker&uuml;lt megoldanunk a weboldalakkal, webhelyekkel &eacute;s internetes alkalmaz&aacute;sokkal kapcsolatos &ouml;sszes k&eacute;rd&eacute;s&eacute;t. <\/font><font style=\"vertical-align: inherit;\">Di&oacute;h&eacute;jban a h&aacute;rom k&ouml;z&ouml;tti k&uuml;l&ouml;nbs&eacute;g a komplexit&aacute;s szintj&eacute;n &eacute;s a lefedetts&eacute;g tartom&aacute;ny&aacute;n m&uacute;lik.<\/font><\/font><\/p>\n<p><font style=\"vertical-align: inherit;\"><font style=\"vertical-align: inherit;\">Technol&oacute;giai szempontb&oacute;l a weboldal egyszer&#369;en egy weboldal r&eacute;sze, amely a weboldalak jelent&#337;sebb gy&#369;jtem&eacute;nye. <\/font><font style=\"vertical-align: inherit;\">A webalkalmaz&aacute;s nem m&aacute;s, mint a webb&ouml;ng&eacute;sz&#337;n kereszt&uuml;l el&eacute;rhet&#337; szoftver.<\/font><\/font><\/p>\n<p><font style=\"vertical-align: inherit;\"><font style=\"vertical-align: inherit;\">A technol&oacute;gia fejl&#337;d&eacute;s&eacute;vel azonban egyre nehezebb meg&eacute;rteni a k&uuml;l&ouml;nbs&eacute;get a h&aacute;rom k&ouml;z&ouml;tt. <\/font><font style=\"vertical-align: inherit;\">Id&#337;vel tal&aacute;n maguk a k&uuml;l&ouml;nbs&eacute;gek is feleslegess&eacute; v&aacute;lnak.<\/font><\/font><\/p>\n<p><font style=\"vertical-align: inherit;\"><font style=\"vertical-align: inherit;\">Addig is tartsa a kapcsolatot, &eacute;s b&ouml;ng&eacute;sszen kedv&eacute;re a weben!<\/font><\/font><\/p>\n<div>                 &nbsp;                <\/div><\/div><\/div><\/div>\n<div class=\"elementor-element elementor-element-2d2e00c2 elementor-widget elementor-widget-text-editor\" data-id=\"2d2e00c2\" data-element_type=\"widget\" data-widget_type=\"text-editor.default\">\n<div class=\"elementor-widget-container\">\n<div class=\"elementor-text-editor elementor-clearfix\"><\/div><\/div><\/div><\/div><\/div><\/div><\/div>\n<p><\/body><\/html><\/p>\n","protected":false},"excerpt":{"rendered":"<p>Jeremy &eacute;s Samantha k&eacute;szen &aacute;lltak arra, hogy elind&iacute;ts&aacute;k az indul&oacute; v&aacute;llalkoz&aacute;st. K&eacute;szen volt egy term&eacute;k&uuml;k, &eacute;s az iroda elhelyezked&eacute;se is v&eacute;glegesen megt&ouml;rt&eacute;nt. Ekkor Jeremy bar&aacute;tja megk&eacute;rdezte<span class=\"excerpt-hellip\"> [\u2026]<\/span><\/p>\n","protected":false},"author":1,"featured_media":9743,"comment_status":"open","ping_status":"open","sticky":false,"template":"","format":"standard","meta":{"footnotes":""},"categories":[116],"tags":[],"yst_prominent_words":[],"class_list":["post-15883","post","type-post","status-publish","format-standard","has-post-thumbnail","hentry","category-www"],"_links":{"self":[{"href":"https:\/\/veolay.com\/hu\/wp-json\/wp\/v2\/posts\/15883"}],"collection":[{"href":"https:\/\/veolay.com\/hu\/wp-json\/wp\/v2\/posts"}],"about":[{"href":"https:\/\/veolay.com\/hu\/wp-json\/wp\/v2\/types\/post"}],"author":[{"embeddable":true,"href":"https:\/\/veolay.com\/hu\/wp-json\/wp\/v2\/users\/1"}],"replies":[{"embeddable":true,"href":"https:\/\/veolay.com\/hu\/wp-json\/wp\/v2\/comments?post=15883"}],"version-history":[{"count":0,"href":"https:\/\/veolay.com\/hu\/wp-json\/wp\/v2\/posts\/15883\/revisions"}],"wp:featuredmedia":[{"embeddable":true,"href":"https:\/\/veolay.com\/hu\/wp-json\/wp\/v2\/media\/9743"}],"wp:attachment":[{"href":"https:\/\/veolay.com\/hu\/wp-json\/wp\/v2\/media?parent=15883"}],"wp:term":[{"taxonomy":"category","embeddable":true,"href":"https:\/\/veolay.com\/hu\/wp-json\/wp\/v2\/categories?post=15883"},{"taxonomy":"post_tag","embeddable":true,"href":"https:\/\/veolay.com\/hu\/wp-json\/wp\/v2\/tags?post=15883"},{"taxonomy":"yst_prominent_words","embeddable":true,"href":"https:\/\/veolay.com\/hu\/wp-json\/wp\/v2\/yst_prominent_words?post=15883"}],"curies":[{"name":"wp","href":"https:\/\/api.w.org\/{rel}","templated":true}]}}